{"id":11352,"date":"2023-02-16T16:01:57","date_gmt":"2023-02-16T15:01:57","guid":{"rendered":"https:\/\/www.presensa.com\/comment-traiter-une-peau-avec-acne\/"},"modified":"2023-03-03T13:03:19","modified_gmt":"2023-03-03T12:03:19","slug":"comment-traiter-une-peau-avec-acne","status":"publish","type":"post","link":"https:\/\/www.pressensa.shop\/fr\/comment-traiter-une-peau-avec-acne\/","title":{"rendered":"Comment traiter une peau avec acn\u00e9 ?"},"content":{"rendered":"\n<p>Nous pensons g\u00e9n\u00e9ralement que l\u2019acn\u00e9 ne se souffre qu\u2019a l\u2019adolescence. Mais il n\u2019est pas vrai. Quand nous allons \u00e0 l\u2019\u00e2ge adulte intervient multitude de facteurs que peuvent provoque l\u2019apparition des \u00e9ruptions : le stress, un d\u00e9s\u00e9quilibre hormonal, la pollution\u2026 Las peaux \u00e0 tendance acn\u00e9ique exigent de soins sp\u00e9cifiques et \u00e0 Pressensa nous avons les plus appropri\u00e9s.<\/p>\n\n<p> Le 80% des adolescentes et environ 50% de las femmes adultes souffrent acn\u00e9. Avoir une peau grasse et avec tendance acn\u00e9ique il n\u2019est pas rien d\u2019atypique. La peau a besoin d\u2019uns lipides pour former une barri\u00e8re naturelle que prot\u00e8ge nous des agressions externes. Les hormones r\u00e9gulent la production de ces grasses. Dans certains situations ou les hormones s\u2019alt\u00e8rent (pubert\u00e9, menstruation, m\u00e9nopause) un exc\u00e8s de s\u00e9bum es produit qui, a son tour, peut favoriser un augmente de la prolif\u00e9ration de las cellules de l\u2019\u00e9piderme. Qu\u2019est que se produit en ces cas ? C\u2019est comme \u00e7a, l\u2019acn\u00e9 est cr\u00e9\u00e9e !<\/p>\n\n<p>Pendre soin d\u2019une peau avec ces caract\u00e9ristiques exige d\u2019employer produits formul\u00e9s sp\u00e9cifiquement pour cela et \u00eatre tr\u00e8s constant.<\/p>\n\n<p>Pour \u00e7a, Pressensa a cr\u00e9\u00e9 AcnHeal ; une multi vitaminique astringente, d\u00e9congestionnante, r\u00e9g\u00e9n\u00e9rateur des tissus et protecteur d\u2019\u00e9piderme. Une combination d\u2019agent exfoliants, nettoyantes, antioxydantes et hydratantes qui am\u00e9liorent la peau.<\/p>\n\n<p><strong><img fetchpriority=\"high\" decoding=\"async\" width=\"567\" height=\"284\" src=\"https:\/\/lh3.googleusercontent.com\/isxS97eri7fXzODYhL6yh6v5eJJaELYa6UIogvPSlvZ0NqB1T8e31AruYm8MfrcVY35p52hurZvryU37ZvNV5kRr5dSOL-8Kq3HiOxD5suBrpJZqFUqQyejurCtHX-s_cSaWbNSP4lw\"\/><\/strong><\/p>\n\n<p>Avec ce traitement, nous soulagerons des \u00e9ruptions et aidera a la peau \u00e0 r\u00e9duire l\u2019inflammation et le taille de l\u2019acn\u00e9, aussi nous \u00e9viterons les cicatrices et nous effacerons aussi les taches qu\u2019il peut rester. <\/p>\n\n<p>Dans cette ligne, et pour compl\u00e9ter le traitement, est combinent d\u2019utiliser de forme constante et quotidien. AcnoLess, notre gel avec texture cr\u00e9meux qui contient une m\u00e9langer synergique d\u2019extrait d\u2019iris, vitamine A et Zinc qu\u2019a \u00e9prouv\u00e9 cliniquement purifier la peau, minimiser les pores et r\u00e9duire les imperfections cutan\u00e9es. Apr\u00e8s de faire le traitement, il ne faut pas oublier qui recommander une bonne hygi\u00e8ne du visage \u00e0 le matin et \u00e0 la nuit,<\/p>\n\n<p>avec un exfoliation une fois \u00e0 la semaine sont cl\u00e9s pour que le patiente n\u2019augmente sa probl\u00e8me pas.<\/p>\n\n<p>Notre nettoyante faciale DeePure est l\u2019un indiqu\u00e9 pour ce type des peaux, car il contient eau liposome des glaciers. En plus, il n\u2019a pas d\u2019alcool ni parab\u00e8nes. Est une \u00e9mulsion nettoyante hydratante, avec toucheur cr\u00e9meux et fraiche, sa grand pouvoir nettoyante permet de faire glisser les r\u00e9sidus de maquillage sans agresser la peau et \u00e7a t\u2019aidera a la r\u00e9duction de l\u2019obstruction des pores.<\/p>\n\n<p>Atteindre une peau saine est possible, mais cela n\u00e9cessite un engagement, une coh\u00e9rence quotidienne avec la sant\u00e9 de notre peau. Si nous sommes persistants et adoptons une routine de soins de la peau sp\u00e9cifique, les r\u00e9sultats seront bient\u00f4t appr\u00e9ci\u00e9s.<\/p>\n","protected":false},"excerpt":{"rendered":"<p>Nous pensons g\u00e9n\u00e9ralement que l\u2019acn\u00e9 ne se souffre qu\u2019a l\u2019adolescence. Mais il n\u2019est pas vrai. Quand nous allons \u00e0 l\u2019\u00e2ge adulte intervient multitude de facteurs que peuvent provoque l\u2019apparition des \u00e9ruptions : le stress, un d\u00e9s\u00e9quilibre hormonal, la pollution\u2026 Las peaux \u00e0 tendance acn\u00e9ique exigent de soins sp\u00e9cifiques et \u00e0 Pressensa nous avons les plus &#8230; <a title=\"Comment traiter une peau avec acn\u00e9 ?\" class=\"read-more\" href=\"https:\/\/www.pressensa.shop\/fr\/comment-traiter-une-peau-avec-acne\/\" aria-label=\"En savoir plus sur Comment traiter une peau avec acn\u00e9 ?\">Lire plus<\/a><\/p>\n","protected":false},"author":2,"featured_media":11346,"comment_status":"open","ping_status":"open","sticky":false,"template":"","format":"standard","meta":{"footnotes":""},"categories":[141,1],"tags":[],"class_list":["post-11352","post","type-post","status-publish","format-standard","has-post-thumbnail","hentry","category-home-care","category-sin-categorizar"],"yoast_head":"<!-- This site is optimized with the Yoast SEO plugin v27.5 - https:\/\/yoast.com\/product\/yoast-seo-wordpress\/ -->\n<title>Comment traiter une peau avec acn\u00e9 ? - Pressensa<\/title>\n<meta name=\"robots\" content=\"index, follow, max-snippet:-1, max-image-preview:large, max-video-preview:-1\" \/>\n<link rel=\"canonical\" href=\"https:\/\/www.pressensa.shop\/fr\/comment-traiter-une-peau-avec-acne\/\" \/>\n<meta property=\"og:locale\" content=\"fr_FR\" \/>\n<meta property=\"og:type\" content=\"article\" \/>\n<meta property=\"og:title\" content=\"Comment traiter une peau avec acn\u00e9 ? - Pressensa\" \/>\n<meta property=\"og:description\" content=\"Nous pensons g\u00e9n\u00e9ralement que l\u2019acn\u00e9 ne se souffre qu\u2019a l\u2019adolescence. Mais il n\u2019est pas vrai. Quand nous allons \u00e0 l\u2019\u00e2ge adulte intervient multitude de facteurs que peuvent provoque l\u2019apparition des \u00e9ruptions : le stress, un d\u00e9s\u00e9quilibre hormonal, la pollution\u2026 Las peaux \u00e0 tendance acn\u00e9ique exigent de soins sp\u00e9cifiques et \u00e0 Pressensa nous avons les plus ... Lire plus\" \/>\n<meta property=\"og:url\" content=\"https:\/\/www.pressensa.shop\/fr\/comment-traiter-une-peau-avec-acne\/\" \/>\n<meta property=\"og:site_name\" content=\"Pressensa\" \/>\n<meta property=\"article:published_time\" content=\"2023-02-16T15:01:57+00:00\" \/>\n<meta property=\"article:modified_time\" content=\"2023-03-03T12:03:19+00:00\" \/>\n<meta property=\"og:image\" content=\"https:\/\/www.pressensa.shop\/wp-content\/uploads\/2023\/02\/Tto-acne-Blog.png\" \/>\n\t<meta property=\"og:image:width\" content=\"1080\" \/>\n\t<meta property=\"og:image:height\" content=\"1080\" \/>\n\t<meta property=\"og:image:type\" content=\"image\/png\" \/>\n<meta name=\"author\" content=\"yasmin azaldeen\" \/>\n<meta name=\"twitter:card\" content=\"summary_large_image\" \/>\n<meta name=\"twitter:label1\" content=\"\u00c9crit par\" \/>\n\t<meta name=\"twitter:data1\" content=\"yasmin azaldeen\" \/>\n\t<meta name=\"twitter:label2\" content=\"Dur\u00e9e de lecture estim\u00e9e\" \/>\n\t<meta name=\"twitter:data2\" content=\"2 minutes\" \/>\n<script type=\"application\/ld+json\" class=\"yoast-schema-graph\">{\"@context\":\"https:\\\/\\\/schema.org\",\"@graph\":[{\"@type\":\"Article\",\"@id\":\"https:\\\/\\\/www.pressensa.shop\\\/fr\\\/comment-traiter-une-peau-avec-acne\\\/#article\",\"isPartOf\":{\"@id\":\"https:\\\/\\\/www.pressensa.shop\\\/fr\\\/comment-traiter-une-peau-avec-acne\\\/\"},\"author\":{\"name\":\"yasmin azaldeen\",\"@id\":\"https:\\\/\\\/www.pressensa.shop\\\/fr\\\/#\\\/schema\\\/person\\\/203231fb2ddabf8d616bea356a38b5e9\"},\"headline\":\"Comment traiter une peau avec acn\u00e9 ?\",\"datePublished\":\"2023-02-16T15:01:57+00:00\",\"dateModified\":\"2023-03-03T12:03:19+00:00\",\"mainEntityOfPage\":{\"@id\":\"https:\\\/\\\/www.pressensa.shop\\\/fr\\\/comment-traiter-une-peau-avec-acne\\\/\"},\"wordCount\":498,\"commentCount\":1,\"publisher\":{\"@id\":\"https:\\\/\\\/www.pressensa.shop\\\/fr\\\/#organization\"},\"image\":{\"@id\":\"https:\\\/\\\/www.pressensa.shop\\\/fr\\\/comment-traiter-une-peau-avec-acne\\\/#primaryimage\"},\"thumbnailUrl\":\"https:\\\/\\\/www.pressensa.shop\\\/wp-content\\\/uploads\\\/2023\\\/02\\\/Tto-acne-Blog.png\",\"articleSection\":[\"Home care\",\"Sin categorizar\"],\"inLanguage\":\"fr-FR\",\"potentialAction\":[{\"@type\":\"CommentAction\",\"name\":\"Comment\",\"target\":[\"https:\\\/\\\/www.pressensa.shop\\\/fr\\\/comment-traiter-une-peau-avec-acne\\\/#respond\"]}]},{\"@type\":\"WebPage\",\"@id\":\"https:\\\/\\\/www.pressensa.shop\\\/fr\\\/comment-traiter-une-peau-avec-acne\\\/\",\"url\":\"https:\\\/\\\/www.pressensa.shop\\\/fr\\\/comment-traiter-une-peau-avec-acne\\\/\",\"name\":\"Comment traiter une peau avec acn\u00e9 ? - Pressensa\",\"isPartOf\":{\"@id\":\"https:\\\/\\\/www.pressensa.shop\\\/fr\\\/#website\"},\"primaryImageOfPage\":{\"@id\":\"https:\\\/\\\/www.pressensa.shop\\\/fr\\\/comment-traiter-une-peau-avec-acne\\\/#primaryimage\"},\"image\":{\"@id\":\"https:\\\/\\\/www.pressensa.shop\\\/fr\\\/comment-traiter-une-peau-avec-acne\\\/#primaryimage\"},\"thumbnailUrl\":\"https:\\\/\\\/www.pressensa.shop\\\/wp-content\\\/uploads\\\/2023\\\/02\\\/Tto-acne-Blog.png\",\"datePublished\":\"2023-02-16T15:01:57+00:00\",\"dateModified\":\"2023-03-03T12:03:19+00:00\",\"breadcrumb\":{\"@id\":\"https:\\\/\\\/www.pressensa.shop\\\/fr\\\/comment-traiter-une-peau-avec-acne\\\/#breadcrumb\"},\"inLanguage\":\"fr-FR\",\"potentialAction\":[{\"@type\":\"ReadAction\",\"target\":[\"https:\\\/\\\/www.pressensa.shop\\\/fr\\\/comment-traiter-une-peau-avec-acne\\\/\"]}]},{\"@type\":\"ImageObject\",\"inLanguage\":\"fr-FR\",\"@id\":\"https:\\\/\\\/www.pressensa.shop\\\/fr\\\/comment-traiter-une-peau-avec-acne\\\/#primaryimage\",\"url\":\"https:\\\/\\\/www.pressensa.shop\\\/wp-content\\\/uploads\\\/2023\\\/02\\\/Tto-acne-Blog.png\",\"contentUrl\":\"https:\\\/\\\/www.pressensa.shop\\\/wp-content\\\/uploads\\\/2023\\\/02\\\/Tto-acne-Blog.png\",\"width\":1080,\"height\":1080,\"caption\":\"Acne rutina\"},{\"@type\":\"BreadcrumbList\",\"@id\":\"https:\\\/\\\/www.pressensa.shop\\\/fr\\\/comment-traiter-une-peau-avec-acne\\\/#breadcrumb\",\"itemListElement\":[{\"@type\":\"ListItem\",\"position\":1,\"name\":\"Portada\",\"item\":\"https:\\\/\\\/www.pressensa.shop\\\/fr\\\/\"},{\"@type\":\"ListItem\",\"position\":2,\"name\":\"Comment traiter une peau avec acn\u00e9 ?\"}]},{\"@type\":\"WebSite\",\"@id\":\"https:\\\/\\\/www.pressensa.shop\\\/fr\\\/#website\",\"url\":\"https:\\\/\\\/www.pressensa.shop\\\/fr\\\/\",\"name\":\"Pressensa\",\"description\":\"fabricante de productos de dermocosmetica, estetica y medicina est\u00e9tica.\",\"publisher\":{\"@id\":\"https:\\\/\\\/www.pressensa.shop\\\/fr\\\/#organization\"},\"potentialAction\":[{\"@type\":\"SearchAction\",\"target\":{\"@type\":\"EntryPoint\",\"urlTemplate\":\"https:\\\/\\\/www.pressensa.shop\\\/fr\\\/?s={search_term_string}\"},\"query-input\":{\"@type\":\"PropertyValueSpecification\",\"valueRequired\":true,\"valueName\":\"search_term_string\"}}],\"inLanguage\":\"fr-FR\"},{\"@type\":\"Organization\",\"@id\":\"https:\\\/\\\/www.pressensa.shop\\\/fr\\\/#organization\",\"name\":\"Pressensa\",\"url\":\"https:\\\/\\\/www.pressensa.shop\\\/fr\\\/\",\"logo\":{\"@type\":\"ImageObject\",\"inLanguage\":\"fr-FR\",\"@id\":\"https:\\\/\\\/www.pressensa.shop\\\/fr\\\/#\\\/schema\\\/logo\\\/image\\\/\",\"url\":\"https:\\\/\\\/www.pressensa.shop\\\/wp-content\\\/uploads\\\/2022\\\/06\\\/Recurso-24.png\",\"contentUrl\":\"https:\\\/\\\/www.pressensa.shop\\\/wp-content\\\/uploads\\\/2022\\\/06\\\/Recurso-24.png\",\"width\":281,\"height\":131,\"caption\":\"Pressensa\"},\"image\":{\"@id\":\"https:\\\/\\\/www.pressensa.shop\\\/fr\\\/#\\\/schema\\\/logo\\\/image\\\/\"}},{\"@type\":\"Person\",\"@id\":\"https:\\\/\\\/www.pressensa.shop\\\/fr\\\/#\\\/schema\\\/person\\\/203231fb2ddabf8d616bea356a38b5e9\",\"name\":\"yasmin azaldeen\",\"image\":{\"@type\":\"ImageObject\",\"inLanguage\":\"fr-FR\",\"@id\":\"https:\\\/\\\/secure.gravatar.com\\\/avatar\\\/6f26dde2d47ffd54873ff11e2bd5943b61bec71b7445bc18b0df76b8ede96cd0?s=96&d=mm&r=g\",\"url\":\"https:\\\/\\\/secure.gravatar.com\\\/avatar\\\/6f26dde2d47ffd54873ff11e2bd5943b61bec71b7445bc18b0df76b8ede96cd0?s=96&d=mm&r=g\",\"contentUrl\":\"https:\\\/\\\/secure.gravatar.com\\\/avatar\\\/6f26dde2d47ffd54873ff11e2bd5943b61bec71b7445bc18b0df76b8ede96cd0?s=96&d=mm&r=g\",\"caption\":\"yasmin azaldeen\"}}]}<\/script>\n<!-- \/ Yoast SEO plugin. -->","yoast_head_json":{"title":"Comment traiter une peau avec acn\u00e9 ? - Pressensa","robots":{"index":"index","follow":"follow","max-snippet":"max-snippet:-1","max-image-preview":"max-image-preview:large","max-video-preview":"max-video-preview:-1"},"canonical":"https:\/\/www.pressensa.shop\/fr\/comment-traiter-une-peau-avec-acne\/","og_locale":"fr_FR","og_type":"article","og_title":"Comment traiter une peau avec acn\u00e9 ? - Pressensa","og_description":"Nous pensons g\u00e9n\u00e9ralement que l\u2019acn\u00e9 ne se souffre qu\u2019a l\u2019adolescence. Mais il n\u2019est pas vrai. Quand nous allons \u00e0 l\u2019\u00e2ge adulte intervient multitude de facteurs que peuvent provoque l\u2019apparition des \u00e9ruptions : le stress, un d\u00e9s\u00e9quilibre hormonal, la pollution\u2026 Las peaux \u00e0 tendance acn\u00e9ique exigent de soins sp\u00e9cifiques et \u00e0 Pressensa nous avons les plus ... Lire plus","og_url":"https:\/\/www.pressensa.shop\/fr\/comment-traiter-une-peau-avec-acne\/","og_site_name":"Pressensa","article_published_time":"2023-02-16T15:01:57+00:00","article_modified_time":"2023-03-03T12:03:19+00:00","og_image":[{"width":1080,"height":1080,"url":"https:\/\/www.pressensa.shop\/wp-content\/uploads\/2023\/02\/Tto-acne-Blog.png","type":"image\/png"}],"author":"yasmin azaldeen","twitter_card":"summary_large_image","twitter_misc":{"\u00c9crit par":"yasmin azaldeen","Dur\u00e9e de lecture estim\u00e9e":"2 minutes"},"schema":{"@context":"https:\/\/schema.org","@graph":[{"@type":"Article","@id":"https:\/\/www.pressensa.shop\/fr\/comment-traiter-une-peau-avec-acne\/#article","isPartOf":{"@id":"https:\/\/www.pressensa.shop\/fr\/comment-traiter-une-peau-avec-acne\/"},"author":{"name":"yasmin azaldeen","@id":"https:\/\/www.pressensa.shop\/fr\/#\/schema\/person\/203231fb2ddabf8d616bea356a38b5e9"},"headline":"Comment traiter une peau avec acn\u00e9 ?","datePublished":"2023-02-16T15:01:57+00:00","dateModified":"2023-03-03T12:03:19+00:00","mainEntityOfPage":{"@id":"https:\/\/www.pressensa.shop\/fr\/comment-traiter-une-peau-avec-acne\/"},"wordCount":498,"commentCount":1,"publisher":{"@id":"https:\/\/www.pressensa.shop\/fr\/#organization"},"image":{"@id":"https:\/\/www.pressensa.shop\/fr\/comment-traiter-une-peau-avec-acne\/#primaryimage"},"thumbnailUrl":"https:\/\/www.pressensa.shop\/wp-content\/uploads\/2023\/02\/Tto-acne-Blog.png","articleSection":["Home care","Sin categorizar"],"inLanguage":"fr-FR","potentialAction":[{"@type":"CommentAction","name":"Comment","target":["https:\/\/www.pressensa.shop\/fr\/comment-traiter-une-peau-avec-acne\/#respond"]}]},{"@type":"WebPage","@id":"https:\/\/www.pressensa.shop\/fr\/comment-traiter-une-peau-avec-acne\/","url":"https:\/\/www.pressensa.shop\/fr\/comment-traiter-une-peau-avec-acne\/","name":"Comment traiter une peau avec acn\u00e9 ? - Pressensa","isPartOf":{"@id":"https:\/\/www.pressensa.shop\/fr\/#website"},"primaryImageOfPage":{"@id":"https:\/\/www.pressensa.shop\/fr\/comment-traiter-une-peau-avec-acne\/#primaryimage"},"image":{"@id":"https:\/\/www.pressensa.shop\/fr\/comment-traiter-une-peau-avec-acne\/#primaryimage"},"thumbnailUrl":"https:\/\/www.pressensa.shop\/wp-content\/uploads\/2023\/02\/Tto-acne-Blog.png","datePublished":"2023-02-16T15:01:57+00:00","dateModified":"2023-03-03T12:03:19+00:00","breadcrumb":{"@id":"https:\/\/www.pressensa.shop\/fr\/comment-traiter-une-peau-avec-acne\/#breadcrumb"},"inLanguage":"fr-FR","potentialAction":[{"@type":"ReadAction","target":["https:\/\/www.pressensa.shop\/fr\/comment-traiter-une-peau-avec-acne\/"]}]},{"@type":"ImageObject","inLanguage":"fr-FR","@id":"https:\/\/www.pressensa.shop\/fr\/comment-traiter-une-peau-avec-acne\/#primaryimage","url":"https:\/\/www.pressensa.shop\/wp-content\/uploads\/2023\/02\/Tto-acne-Blog.png","contentUrl":"https:\/\/www.pressensa.shop\/wp-content\/uploads\/2023\/02\/Tto-acne-Blog.png","width":1080,"height":1080,"caption":"Acne rutina"},{"@type":"BreadcrumbList","@id":"https:\/\/www.pressensa.shop\/fr\/comment-traiter-une-peau-avec-acne\/#breadcrumb","itemListElement":[{"@type":"ListItem","position":1,"name":"Portada","item":"https:\/\/www.pressensa.shop\/fr\/"},{"@type":"ListItem","position":2,"name":"Comment traiter une peau avec acn\u00e9 ?"}]},{"@type":"WebSite","@id":"https:\/\/www.pressensa.shop\/fr\/#website","url":"https:\/\/www.pressensa.shop\/fr\/","name":"Pressensa","description":"fabricante de productos de dermocosmetica, estetica y medicina est\u00e9tica.","publisher":{"@id":"https:\/\/www.pressensa.shop\/fr\/#organization"},"potentialAction":[{"@type":"SearchAction","target":{"@type":"EntryPoint","urlTemplate":"https:\/\/www.pressensa.shop\/fr\/?s={search_term_string}"},"query-input":{"@type":"PropertyValueSpecification","valueRequired":true,"valueName":"search_term_string"}}],"inLanguage":"fr-FR"},{"@type":"Organization","@id":"https:\/\/www.pressensa.shop\/fr\/#organization","name":"Pressensa","url":"https:\/\/www.pressensa.shop\/fr\/","logo":{"@type":"ImageObject","inLanguage":"fr-FR","@id":"https:\/\/www.pressensa.shop\/fr\/#\/schema\/logo\/image\/","url":"https:\/\/www.pressensa.shop\/wp-content\/uploads\/2022\/06\/Recurso-24.png","contentUrl":"https:\/\/www.pressensa.shop\/wp-content\/uploads\/2022\/06\/Recurso-24.png","width":281,"height":131,"caption":"Pressensa"},"image":{"@id":"https:\/\/www.pressensa.shop\/fr\/#\/schema\/logo\/image\/"}},{"@type":"Person","@id":"https:\/\/www.pressensa.shop\/fr\/#\/schema\/person\/203231fb2ddabf8d616bea356a38b5e9","name":"yasmin azaldeen","image":{"@type":"ImageObject","inLanguage":"fr-FR","@id":"https:\/\/secure.gravatar.com\/avatar\/6f26dde2d47ffd54873ff11e2bd5943b61bec71b7445bc18b0df76b8ede96cd0?s=96&d=mm&r=g","url":"https:\/\/secure.gravatar.com\/avatar\/6f26dde2d47ffd54873ff11e2bd5943b61bec71b7445bc18b0df76b8ede96cd0?s=96&d=mm&r=g","contentUrl":"https:\/\/secure.gravatar.com\/avatar\/6f26dde2d47ffd54873ff11e2bd5943b61bec71b7445bc18b0df76b8ede96cd0?s=96&d=mm&r=g","caption":"yasmin azaldeen"}}]}},"_links":{"self":[{"href":"https:\/\/www.pressensa.shop\/fr\/wp-json\/wp\/v2\/posts\/11352","targetHints":{"allow":["GET"]}}],"collection":[{"href":"https:\/\/www.pressensa.shop\/fr\/wp-json\/wp\/v2\/posts"}],"about":[{"href":"https:\/\/www.pressensa.shop\/fr\/wp-json\/wp\/v2\/types\/post"}],"author":[{"embeddable":true,"href":"https:\/\/www.pressensa.shop\/fr\/wp-json\/wp\/v2\/users\/2"}],"replies":[{"embeddable":true,"href":"https:\/\/www.pressensa.shop\/fr\/wp-json\/wp\/v2\/comments?post=11352"}],"version-history":[{"count":0,"href":"https:\/\/www.pressensa.shop\/fr\/wp-json\/wp\/v2\/posts\/11352\/revisions"}],"wp:featuredmedia":[{"embeddable":true,"href":"https:\/\/www.pressensa.shop\/fr\/wp-json\/wp\/v2\/media\/11346"}],"wp:attachment":[{"href":"https:\/\/www.pressensa.shop\/fr\/wp-json\/wp\/v2\/media?parent=11352"}],"wp:term":[{"taxonomy":"category","embeddable":true,"href":"https:\/\/www.pressensa.shop\/fr\/wp-json\/wp\/v2\/categories?post=11352"},{"taxonomy":"post_tag","embeddable":true,"href":"https:\/\/www.pressensa.shop\/fr\/wp-json\/wp\/v2\/tags?post=11352"}],"curies":[{"name":"wp","href":"https:\/\/api.w.org\/{rel}","templated":true}]}}