{"id":21205,"date":"2025-03-14T15:59:04","date_gmt":"2025-03-14T14:59:04","guid":{"rendered":"https:\/\/www.pressensa.shop\/?p=21205"},"modified":"2025-12-05T13:51:27","modified_gmt":"2025-12-05T12:51:27","slug":"forehead-vitaserum-votre-allie-contre-les-rides-du-front","status":"publish","type":"post","link":"https:\/\/www.pressensa.shop\/fr\/forehead-vitaserum-votre-allie-contre-les-rides-du-front\/","title":{"rendered":"ForeHead VitaSerum: Votre alli\u00e9 contre les rides du front."},"content":{"rendered":"\n<p>Les rides du front sont l\u2019un des premiers signes visibles du vieillissement. Les expressions faciales r\u00e9p\u00e9titives, la perte de collag\u00e8ne et le manque d\u2019hydratation peuvent accentuer les lignes d\u2019expression avec le temps. Si vous recherchez une solution efficace pour les att\u00e9nuer et pr\u00e9venir l\u2019apparition de nouvelles rides, <strong>ForeHead VitaSerum<\/strong> est le traitement id\u00e9al. Ce s\u00e9rum a \u00e9t\u00e9 sp\u00e9cialement formul\u00e9 pour traiter les rides du front gr\u00e2ce \u00e0 des ingr\u00e9dients actifs dont l\u2019efficacit\u00e9 a \u00e9t\u00e9 prouv\u00e9e pour r\u00e9duire les lignes d\u2019expression et rajeunir la peau.   <\/p>\n\n<h2 class=\"wp-block-heading\"><strong>Pourquoi les rides du front apparaissent-elles?<\/strong><\/h2>\n\n<p>Les rides du front r\u00e9sultent de la combinaison de plusieurs facteurs:<\/p>\n\n<ul class=\"wp-block-list\">\n<li><strong>Expressions faciales<\/strong>: Froncer les sourcils ou lever les sourcils fr\u00e9quemment contribue \u00e0 la formation des rides.<\/li>\n\n\n\n<li><strong>Perte de collag\u00e8ne et d\u2019\u00e9lastine<\/strong>: Avec le temps, la peau perd en fermet\u00e9 et en \u00e9lasticit\u00e9, ce qui rend les rides plus visibles.<\/li>\n\n\n\n<li><strong>D\u00e9shydratation<\/strong>: Le manque d\u2019eau dans la peau peut accentuer l\u2019apparence des ridules.<\/li>\n\n\n\n<li><strong>Exposition au soleil<\/strong>: Les rayons UV acc\u00e9l\u00e8rent le vieillissement cutan\u00e9 et favorisent l\u2019apparition pr\u00e9matur\u00e9e des rides.<\/li>\n\n\n\n<li><strong>Stress et manque de repos<\/strong>: Le stress et le manque de sommeil alt\u00e8rent la r\u00e9g\u00e9n\u00e9ration de la peau.<\/li>\n<\/ul>\n\n<p><a href=\"https:\/\/www.pressensa.shop\/fr\/produit\/forehead-vitaserum\/\">ForeHead VitaSerum<\/a> a \u00e9t\u00e9 d\u00e9velopp\u00e9 pour contrer ces effets et restaurer la fermet\u00e9 et la douceur de la peau du front.<\/p>\n\n<h2 class=\"wp-block-heading\"><strong>Ingr\u00e9dients cl\u00e9s et leurs bienfaits<\/strong><\/h2>\n\n<p>Chaque composant de ForeHead VitaSerum a \u00e9t\u00e9 soigneusement s\u00e9lectionn\u00e9 pour offrir les meilleurs r\u00e9sultats:<\/p>\n\n<ul class=\"wp-block-list\">\n<li><strong>R\u00e9tinol:<\/strong> Un actif puissant qui stimule la production de collag\u00e8ne, am\u00e9liore la texture de la peau et r\u00e9duit la profondeur des rides. Il favorise \u00e9galement le renouvellement cellulaire, ce qui am\u00e9liore l\u2019apparence g\u00e9n\u00e9rale de la peau. <\/li>\n\n\n\n<li><strong>Argireline\u00ae Amplified<\/strong>: Ce peptide a un effet similaire au botox, relaxant les muscles faciaux et emp\u00eachant la formation de nouvelles rides sans injections.<\/li>\n\n\n\n<li><strong>Munapsys\u00ae:<\/strong> Un ingr\u00e9dient innovant aux propri\u00e9t\u00e9s relaxantes qui r\u00e9duit la contraction musculaire, diminuant ainsi la profondeur des rides et pr\u00e9venant leur aggravation avec le temps.<\/li>\n\n\n\n<li><strong>Sodium Hyaluronate<\/strong>: Une forme plus efficace d\u2019acide hyaluronique qui hydrate en profondeur, repulpe la peau et am\u00e9liore son \u00e9lasticit\u00e9.<\/li>\n<\/ul>\n\n<p>Gr\u00e2ce \u00e0 cette combinaison d\u2019ingr\u00e9dients, ForeHead VitaSerum ne se contente pas de traiter les rides existantes, il aide \u00e9galement \u00e0 pr\u00e9venir l\u2019apparition de nouvelles lignes d\u2019expression.<\/p>\n\n<h2 class=\"wp-block-heading\"><strong>Mode d\u2019application recommand\u00e9<\/strong><\/h2>\n\n<p>Pour maximiser les bienfaits de ForeHead VitaSerum, int\u00e9grez-le dans votre routine du soir:<\/p>\n\n<ul class=\"wp-block-list\">\n<li><strong>Nettoyage et tonification<\/strong>: Utilisez <a href=\"https:\/\/www.pressensa.shop\/fr\/produit\/deepure\/\"><strong>DeePure Cleansing Milk<\/strong><\/a> pour \u00e9liminer les impuret\u00e9s et r\u00e9sidus, puis appliquez <strong><a href=\"https:\/\/www.pressensa.shop\/fr\/produit\/freshydra\/\">FresHydra Tonic<\/a><\/strong> pour hydrater et pr\u00e9parer la peau.<\/li>\n\n\n\n<li><strong>Application du s\u00e9rum<\/strong>: Appliquez une petite quantit\u00e9 de ForeHead VitaSerum sur le front, la r\u00e9gion des sourcils et les tempes avec le bout des doigts. Tapotez l\u00e9g\u00e8rement et effectuez des mouvements circulaires jusqu\u2019\u00e0 absorption compl\u00e8te. <\/li>\n\n\n\n<li><strong>Scellement et nutrition:<\/strong> Pour renforcer les effets du s\u00e9rum, appliquez la cr\u00e8me hydratante et nourrissante <strong><a href=\"https:\/\/www.pressensa.shop\/fr\/produit\/effets-supremes\/\">SupremEffects<\/a><\/strong>, qui aide \u00e0 prot\u00e9ger la barri\u00e8re cutan\u00e9e et \u00e0 maintenir l\u2019hydratation tout au long de la nuit.<\/li>\n<\/ul>\n\n<p>Il est essentiel d\u2019appliquer ForeHead VitaSerum quotidiennement pour obtenir des r\u00e9sultats optimaux et constater une am\u00e9lioration visible de la texture et de la fermet\u00e9 de la peau.<\/p>\n\n<h2 class=\"wp-block-heading\"><strong>R\u00e9sultats visibles et bienfaits \u00e0 long terme<\/strong><\/h2>\n\n<p>L\u2019utilisation r\u00e9guli\u00e8re de ForeHead VitaSerum offre des bienfaits notables:<\/p>\n\n<ul class=\"wp-block-list\">\n<li><strong>Augmentation de la production de collag\u00e8ne<\/strong> pour une peau plus ferme et plus jeune.<\/li>\n\n\n\n<li><strong>R\u00e9duction visible des lignes d\u2019expression et des rides. <\/strong><\/li>\n\n\n\n<li><strong>Relaxation des muscles faciaux<\/strong> responsables des rides profondes.<\/li>\n\n\n\n<li><strong>Hydratation intense<\/strong> qui am\u00e9liore l\u2019\u00e9lasticit\u00e9 et l\u2019apparence g\u00e9n\u00e9rale de la peau.<\/li>\n<\/ul>\n\n<p>En int\u00e9grant ce s\u00e9rum \u00e0 votre routine de soin, vous ne vous contenterez pas de traiter les rides existantes, vous prot\u00e9gerez \u00e9galement votre peau contre leur apparition future.<\/p>\n\n<h2 class=\"wp-block-heading\"><strong>Pourquoi choisir ForeHead VitaSerum?<\/strong><\/h2>\n\n<p>Il existe de nombreux s\u00e9rums sur le march\u00e9, mais ForeHead VitaSerum est le premier con\u00e7u sp\u00e9cifiquement pour traiter les rides du front. Son formule innovante et sa combinaison d\u2019actifs hautement efficaces en font un produit unique. De plus:  <\/p>\n\n<ul class=\"wp-block-list\">\n<li>D\u00e9velopp\u00e9 avec des ingr\u00e9dients soutenus par des \u00e9tudes scientifiques.<\/li>\n\n\n\n<li>Ne n\u00e9cessite pas de proc\u00e9dures invasives comme les injections.<\/li>\n\n\n\n<li>Convient \u00e0 tous les types de peau.<\/li>\n\n\n\n<li>Texture l\u00e9g\u00e8re qui p\u00e9n\u00e8tre rapidement sans laisser de r\u00e9sidu gras.<\/li>\n<\/ul>\n\n<p>Si vous recherchez un traitement efficace pour rajeunir votre peau et r\u00e9duire visiblement les rides du front, <strong>ForeHead VitaSerum est la solution id\u00e9ale<\/strong>. Int\u00e9grez-le \u00e0 votre routine quotidienne et profitez d\u2019une peau plus jeune, plus ferme et plus lumineuse. <\/p>\n","protected":false},"excerpt":{"rendered":"<p>Les rides du front sont l\u2019un des premiers signes visibles du vieillissement. Les expressions faciales r\u00e9p\u00e9titives, la perte de collag\u00e8ne et le manque d\u2019hydratation peuvent accentuer les lignes d\u2019expression avec le temps. Si vous recherchez une solution efficace pour les att\u00e9nuer et pr\u00e9venir l\u2019apparition de nouvelles rides, ForeHead VitaSerum est le traitement id\u00e9al. Ce s\u00e9rum &#8230; <a title=\"ForeHead VitaSerum: Votre alli\u00e9 contre les rides du front.\" class=\"read-more\" href=\"https:\/\/www.pressensa.shop\/fr\/forehead-vitaserum-votre-allie-contre-les-rides-du-front\/\" aria-label=\"En savoir plus sur ForeHead VitaSerum: Votre alli\u00e9 contre les rides du front.\">Lire plus<\/a><\/p>\n","protected":false},"author":1190,"featured_media":21197,"comment_status":"open","ping_status":"open","sticky":false,"template":"","format":"standard","meta":{"footnotes":""},"categories":[141],"tags":[186,191,188,185],"class_list":["post-21205","post","type-post","status-publish","format-standard","has-post-thumbnail","hentry","category-home-care","tag-arrugas-frente","tag-skincare-arrugas-de-la-frente","tag-skincare-frente","tag-tratamiento-arrugas-frente"],"yoast_head":"<!-- This site is optimized with the Yoast SEO plugin v27.5 - https:\/\/yoast.com\/product\/yoast-seo-wordpress\/ -->\n<title>ForeHead VitaSerum: Votre alli\u00e9 contre les rides du front. - Pressensa<\/title>\n<meta name=\"description\" content=\"R\u00e9duisez les rides du front avec ForeHead VitaSerum. Sa formule avanc\u00e9e hydrate, raffermit et pr\u00e9vient les rides d&#039;expression.\" \/>\n<meta name=\"robots\" content=\"index, follow, max-snippet:-1, max-image-preview:large, max-video-preview:-1\" \/>\n<link rel=\"canonical\" href=\"https:\/\/www.pressensa.shop\/fr\/forehead-vitaserum-votre-allie-contre-les-rides-du-front\/\" \/>\n<meta property=\"og:locale\" content=\"fr_FR\" \/>\n<meta property=\"og:type\" content=\"article\" \/>\n<meta property=\"og:title\" content=\"ForeHead VitaSerum: Votre alli\u00e9 contre les rides du front. - Pressensa\" \/>\n<meta property=\"og:description\" content=\"R\u00e9duisez les rides du front avec ForeHead VitaSerum. Sa formule avanc\u00e9e hydrate, raffermit et pr\u00e9vient les rides d&#039;expression.\" \/>\n<meta property=\"og:url\" content=\"https:\/\/www.pressensa.shop\/fr\/forehead-vitaserum-votre-allie-contre-les-rides-du-front\/\" \/>\n<meta property=\"og:site_name\" content=\"Pressensa\" \/>\n<meta property=\"article:published_time\" content=\"2025-03-14T14:59:04+00:00\" \/>\n<meta property=\"article:modified_time\" content=\"2025-12-05T12:51:27+00:00\" \/>\n<meta property=\"og:image\" content=\"https:\/\/www.pressensa.shop\/wp-content\/uploads\/2025\/03\/Blog-Nota-Cajas-2.jpg\" \/>\n\t<meta property=\"og:image:width\" content=\"1080\" \/>\n\t<meta property=\"og:image:height\" content=\"1080\" \/>\n\t<meta property=\"og:image:type\" content=\"image\/jpeg\" \/>\n<meta name=\"author\" content=\"Irene\" \/>\n<meta name=\"twitter:card\" content=\"summary_large_image\" \/>\n<meta name=\"twitter:label1\" content=\"\u00c9crit par\" \/>\n\t<meta name=\"twitter:data1\" content=\"Irene\" \/>\n\t<meta name=\"twitter:label2\" content=\"Dur\u00e9e de lecture estim\u00e9e\" \/>\n\t<meta name=\"twitter:data2\" content=\"4 minutes\" \/>\n<script type=\"application\/ld+json\" class=\"yoast-schema-graph\">{\"@context\":\"https:\\\/\\\/schema.org\",\"@graph\":[{\"@type\":\"Article\",\"@id\":\"https:\\\/\\\/www.pressensa.shop\\\/fr\\\/forehead-vitaserum-votre-allie-contre-les-rides-du-front\\\/#article\",\"isPartOf\":{\"@id\":\"https:\\\/\\\/www.pressensa.shop\\\/fr\\\/forehead-vitaserum-votre-allie-contre-les-rides-du-front\\\/\"},\"author\":{\"name\":\"Irene\",\"@id\":\"https:\\\/\\\/www.pressensa.shop\\\/fr\\\/#\\\/schema\\\/person\\\/fc3698feead7dba9f9b778d10b12ab20\"},\"headline\":\"ForeHead VitaSerum: Votre alli\u00e9 contre les rides du front.\",\"datePublished\":\"2025-03-14T14:59:04+00:00\",\"dateModified\":\"2025-12-05T12:51:27+00:00\",\"mainEntityOfPage\":{\"@id\":\"https:\\\/\\\/www.pressensa.shop\\\/fr\\\/forehead-vitaserum-votre-allie-contre-les-rides-du-front\\\/\"},\"wordCount\":801,\"commentCount\":0,\"publisher\":{\"@id\":\"https:\\\/\\\/www.pressensa.shop\\\/fr\\\/#organization\"},\"image\":{\"@id\":\"https:\\\/\\\/www.pressensa.shop\\\/fr\\\/forehead-vitaserum-votre-allie-contre-les-rides-du-front\\\/#primaryimage\"},\"thumbnailUrl\":\"https:\\\/\\\/www.pressensa.shop\\\/wp-content\\\/uploads\\\/2025\\\/03\\\/Blog-Nota-Cajas-2.jpg\",\"keywords\":[\"arrugas frente\",\"skincare arrugas de la frente\",\"skincare frente\",\"tratamiento arrugas frente\"],\"articleSection\":[\"Home care\"],\"inLanguage\":\"fr-FR\",\"potentialAction\":[{\"@type\":\"CommentAction\",\"name\":\"Comment\",\"target\":[\"https:\\\/\\\/www.pressensa.shop\\\/fr\\\/forehead-vitaserum-votre-allie-contre-les-rides-du-front\\\/#respond\"]}]},{\"@type\":\"WebPage\",\"@id\":\"https:\\\/\\\/www.pressensa.shop\\\/fr\\\/forehead-vitaserum-votre-allie-contre-les-rides-du-front\\\/\",\"url\":\"https:\\\/\\\/www.pressensa.shop\\\/fr\\\/forehead-vitaserum-votre-allie-contre-les-rides-du-front\\\/\",\"name\":\"ForeHead VitaSerum: Votre alli\u00e9 contre les rides du front. - Pressensa\",\"isPartOf\":{\"@id\":\"https:\\\/\\\/www.pressensa.shop\\\/fr\\\/#website\"},\"primaryImageOfPage\":{\"@id\":\"https:\\\/\\\/www.pressensa.shop\\\/fr\\\/forehead-vitaserum-votre-allie-contre-les-rides-du-front\\\/#primaryimage\"},\"image\":{\"@id\":\"https:\\\/\\\/www.pressensa.shop\\\/fr\\\/forehead-vitaserum-votre-allie-contre-les-rides-du-front\\\/#primaryimage\"},\"thumbnailUrl\":\"https:\\\/\\\/www.pressensa.shop\\\/wp-content\\\/uploads\\\/2025\\\/03\\\/Blog-Nota-Cajas-2.jpg\",\"datePublished\":\"2025-03-14T14:59:04+00:00\",\"dateModified\":\"2025-12-05T12:51:27+00:00\",\"description\":\"R\u00e9duisez les rides du front avec ForeHead VitaSerum. Sa formule avanc\u00e9e hydrate, raffermit et pr\u00e9vient les rides d'expression.\",\"breadcrumb\":{\"@id\":\"https:\\\/\\\/www.pressensa.shop\\\/fr\\\/forehead-vitaserum-votre-allie-contre-les-rides-du-front\\\/#breadcrumb\"},\"inLanguage\":\"fr-FR\",\"potentialAction\":[{\"@type\":\"ReadAction\",\"target\":[\"https:\\\/\\\/www.pressensa.shop\\\/fr\\\/forehead-vitaserum-votre-allie-contre-les-rides-du-front\\\/\"]}]},{\"@type\":\"ImageObject\",\"inLanguage\":\"fr-FR\",\"@id\":\"https:\\\/\\\/www.pressensa.shop\\\/fr\\\/forehead-vitaserum-votre-allie-contre-les-rides-du-front\\\/#primaryimage\",\"url\":\"https:\\\/\\\/www.pressensa.shop\\\/wp-content\\\/uploads\\\/2025\\\/03\\\/Blog-Nota-Cajas-2.jpg\",\"contentUrl\":\"https:\\\/\\\/www.pressensa.shop\\\/wp-content\\\/uploads\\\/2025\\\/03\\\/Blog-Nota-Cajas-2.jpg\",\"width\":1080,\"height\":1080},{\"@type\":\"BreadcrumbList\",\"@id\":\"https:\\\/\\\/www.pressensa.shop\\\/fr\\\/forehead-vitaserum-votre-allie-contre-les-rides-du-front\\\/#breadcrumb\",\"itemListElement\":[{\"@type\":\"ListItem\",\"position\":1,\"name\":\"Portada\",\"item\":\"https:\\\/\\\/www.pressensa.shop\\\/fr\\\/\"},{\"@type\":\"ListItem\",\"position\":2,\"name\":\"ForeHead VitaSerum: Votre alli\u00e9 contre les rides du front.\"}]},{\"@type\":\"WebSite\",\"@id\":\"https:\\\/\\\/www.pressensa.shop\\\/fr\\\/#website\",\"url\":\"https:\\\/\\\/www.pressensa.shop\\\/fr\\\/\",\"name\":\"Pressensa\",\"description\":\"fabricante de productos de dermocosmetica, estetica y medicina est\u00e9tica.\",\"publisher\":{\"@id\":\"https:\\\/\\\/www.pressensa.shop\\\/fr\\\/#organization\"},\"potentialAction\":[{\"@type\":\"SearchAction\",\"target\":{\"@type\":\"EntryPoint\",\"urlTemplate\":\"https:\\\/\\\/www.pressensa.shop\\\/fr\\\/?s={search_term_string}\"},\"query-input\":{\"@type\":\"PropertyValueSpecification\",\"valueRequired\":true,\"valueName\":\"search_term_string\"}}],\"inLanguage\":\"fr-FR\"},{\"@type\":\"Organization\",\"@id\":\"https:\\\/\\\/www.pressensa.shop\\\/fr\\\/#organization\",\"name\":\"Pressensa\",\"url\":\"https:\\\/\\\/www.pressensa.shop\\\/fr\\\/\",\"logo\":{\"@type\":\"ImageObject\",\"inLanguage\":\"fr-FR\",\"@id\":\"https:\\\/\\\/www.pressensa.shop\\\/fr\\\/#\\\/schema\\\/logo\\\/image\\\/\",\"url\":\"https:\\\/\\\/www.pressensa.shop\\\/wp-content\\\/uploads\\\/2022\\\/06\\\/Recurso-24.png\",\"contentUrl\":\"https:\\\/\\\/www.pressensa.shop\\\/wp-content\\\/uploads\\\/2022\\\/06\\\/Recurso-24.png\",\"width\":281,\"height\":131,\"caption\":\"Pressensa\"},\"image\":{\"@id\":\"https:\\\/\\\/www.pressensa.shop\\\/fr\\\/#\\\/schema\\\/logo\\\/image\\\/\"}},{\"@type\":\"Person\",\"@id\":\"https:\\\/\\\/www.pressensa.shop\\\/fr\\\/#\\\/schema\\\/person\\\/fc3698feead7dba9f9b778d10b12ab20\",\"name\":\"Irene\",\"image\":{\"@type\":\"ImageObject\",\"inLanguage\":\"fr-FR\",\"@id\":\"https:\\\/\\\/secure.gravatar.com\\\/avatar\\\/3c73ce5468f430e79c8356a62bf3cb23331d0bd512d3f278c18a7730d176aab9?s=96&d=mm&r=g\",\"url\":\"https:\\\/\\\/secure.gravatar.com\\\/avatar\\\/3c73ce5468f430e79c8356a62bf3cb23331d0bd512d3f278c18a7730d176aab9?s=96&d=mm&r=g\",\"contentUrl\":\"https:\\\/\\\/secure.gravatar.com\\\/avatar\\\/3c73ce5468f430e79c8356a62bf3cb23331d0bd512d3f278c18a7730d176aab9?s=96&d=mm&r=g\",\"caption\":\"Irene\"}}]}<\/script>\n<!-- \/ Yoast SEO plugin. -->","yoast_head_json":{"title":"ForeHead VitaSerum: Votre alli\u00e9 contre les rides du front. - Pressensa","description":"R\u00e9duisez les rides du front avec ForeHead VitaSerum. Sa formule avanc\u00e9e hydrate, raffermit et pr\u00e9vient les rides d'expression.","robots":{"index":"index","follow":"follow","max-snippet":"max-snippet:-1","max-image-preview":"max-image-preview:large","max-video-preview":"max-video-preview:-1"},"canonical":"https:\/\/www.pressensa.shop\/fr\/forehead-vitaserum-votre-allie-contre-les-rides-du-front\/","og_locale":"fr_FR","og_type":"article","og_title":"ForeHead VitaSerum: Votre alli\u00e9 contre les rides du front. - Pressensa","og_description":"R\u00e9duisez les rides du front avec ForeHead VitaSerum. Sa formule avanc\u00e9e hydrate, raffermit et pr\u00e9vient les rides d'expression.","og_url":"https:\/\/www.pressensa.shop\/fr\/forehead-vitaserum-votre-allie-contre-les-rides-du-front\/","og_site_name":"Pressensa","article_published_time":"2025-03-14T14:59:04+00:00","article_modified_time":"2025-12-05T12:51:27+00:00","og_image":[{"width":1080,"height":1080,"url":"https:\/\/www.pressensa.shop\/wp-content\/uploads\/2025\/03\/Blog-Nota-Cajas-2.jpg","type":"image\/jpeg"}],"author":"Irene","twitter_card":"summary_large_image","twitter_misc":{"\u00c9crit par":"Irene","Dur\u00e9e de lecture estim\u00e9e":"4 minutes"},"schema":{"@context":"https:\/\/schema.org","@graph":[{"@type":"Article","@id":"https:\/\/www.pressensa.shop\/fr\/forehead-vitaserum-votre-allie-contre-les-rides-du-front\/#article","isPartOf":{"@id":"https:\/\/www.pressensa.shop\/fr\/forehead-vitaserum-votre-allie-contre-les-rides-du-front\/"},"author":{"name":"Irene","@id":"https:\/\/www.pressensa.shop\/fr\/#\/schema\/person\/fc3698feead7dba9f9b778d10b12ab20"},"headline":"ForeHead VitaSerum: Votre alli\u00e9 contre les rides du front.","datePublished":"2025-03-14T14:59:04+00:00","dateModified":"2025-12-05T12:51:27+00:00","mainEntityOfPage":{"@id":"https:\/\/www.pressensa.shop\/fr\/forehead-vitaserum-votre-allie-contre-les-rides-du-front\/"},"wordCount":801,"commentCount":0,"publisher":{"@id":"https:\/\/www.pressensa.shop\/fr\/#organization"},"image":{"@id":"https:\/\/www.pressensa.shop\/fr\/forehead-vitaserum-votre-allie-contre-les-rides-du-front\/#primaryimage"},"thumbnailUrl":"https:\/\/www.pressensa.shop\/wp-content\/uploads\/2025\/03\/Blog-Nota-Cajas-2.jpg","keywords":["arrugas frente","skincare arrugas de la frente","skincare frente","tratamiento arrugas frente"],"articleSection":["Home care"],"inLanguage":"fr-FR","potentialAction":[{"@type":"CommentAction","name":"Comment","target":["https:\/\/www.pressensa.shop\/fr\/forehead-vitaserum-votre-allie-contre-les-rides-du-front\/#respond"]}]},{"@type":"WebPage","@id":"https:\/\/www.pressensa.shop\/fr\/forehead-vitaserum-votre-allie-contre-les-rides-du-front\/","url":"https:\/\/www.pressensa.shop\/fr\/forehead-vitaserum-votre-allie-contre-les-rides-du-front\/","name":"ForeHead VitaSerum: Votre alli\u00e9 contre les rides du front. - Pressensa","isPartOf":{"@id":"https:\/\/www.pressensa.shop\/fr\/#website"},"primaryImageOfPage":{"@id":"https:\/\/www.pressensa.shop\/fr\/forehead-vitaserum-votre-allie-contre-les-rides-du-front\/#primaryimage"},"image":{"@id":"https:\/\/www.pressensa.shop\/fr\/forehead-vitaserum-votre-allie-contre-les-rides-du-front\/#primaryimage"},"thumbnailUrl":"https:\/\/www.pressensa.shop\/wp-content\/uploads\/2025\/03\/Blog-Nota-Cajas-2.jpg","datePublished":"2025-03-14T14:59:04+00:00","dateModified":"2025-12-05T12:51:27+00:00","description":"R\u00e9duisez les rides du front avec ForeHead VitaSerum. Sa formule avanc\u00e9e hydrate, raffermit et pr\u00e9vient les rides d'expression.","breadcrumb":{"@id":"https:\/\/www.pressensa.shop\/fr\/forehead-vitaserum-votre-allie-contre-les-rides-du-front\/#breadcrumb"},"inLanguage":"fr-FR","potentialAction":[{"@type":"ReadAction","target":["https:\/\/www.pressensa.shop\/fr\/forehead-vitaserum-votre-allie-contre-les-rides-du-front\/"]}]},{"@type":"ImageObject","inLanguage":"fr-FR","@id":"https:\/\/www.pressensa.shop\/fr\/forehead-vitaserum-votre-allie-contre-les-rides-du-front\/#primaryimage","url":"https:\/\/www.pressensa.shop\/wp-content\/uploads\/2025\/03\/Blog-Nota-Cajas-2.jpg","contentUrl":"https:\/\/www.pressensa.shop\/wp-content\/uploads\/2025\/03\/Blog-Nota-Cajas-2.jpg","width":1080,"height":1080},{"@type":"BreadcrumbList","@id":"https:\/\/www.pressensa.shop\/fr\/forehead-vitaserum-votre-allie-contre-les-rides-du-front\/#breadcrumb","itemListElement":[{"@type":"ListItem","position":1,"name":"Portada","item":"https:\/\/www.pressensa.shop\/fr\/"},{"@type":"ListItem","position":2,"name":"ForeHead VitaSerum: Votre alli\u00e9 contre les rides du front."}]},{"@type":"WebSite","@id":"https:\/\/www.pressensa.shop\/fr\/#website","url":"https:\/\/www.pressensa.shop\/fr\/","name":"Pressensa","description":"fabricante de productos de dermocosmetica, estetica y medicina est\u00e9tica.","publisher":{"@id":"https:\/\/www.pressensa.shop\/fr\/#organization"},"potentialAction":[{"@type":"SearchAction","target":{"@type":"EntryPoint","urlTemplate":"https:\/\/www.pressensa.shop\/fr\/?s={search_term_string}"},"query-input":{"@type":"PropertyValueSpecification","valueRequired":true,"valueName":"search_term_string"}}],"inLanguage":"fr-FR"},{"@type":"Organization","@id":"https:\/\/www.pressensa.shop\/fr\/#organization","name":"Pressensa","url":"https:\/\/www.pressensa.shop\/fr\/","logo":{"@type":"ImageObject","inLanguage":"fr-FR","@id":"https:\/\/www.pressensa.shop\/fr\/#\/schema\/logo\/image\/","url":"https:\/\/www.pressensa.shop\/wp-content\/uploads\/2022\/06\/Recurso-24.png","contentUrl":"https:\/\/www.pressensa.shop\/wp-content\/uploads\/2022\/06\/Recurso-24.png","width":281,"height":131,"caption":"Pressensa"},"image":{"@id":"https:\/\/www.pressensa.shop\/fr\/#\/schema\/logo\/image\/"}},{"@type":"Person","@id":"https:\/\/www.pressensa.shop\/fr\/#\/schema\/person\/fc3698feead7dba9f9b778d10b12ab20","name":"Irene","image":{"@type":"ImageObject","inLanguage":"fr-FR","@id":"https:\/\/secure.gravatar.com\/avatar\/3c73ce5468f430e79c8356a62bf3cb23331d0bd512d3f278c18a7730d176aab9?s=96&d=mm&r=g","url":"https:\/\/secure.gravatar.com\/avatar\/3c73ce5468f430e79c8356a62bf3cb23331d0bd512d3f278c18a7730d176aab9?s=96&d=mm&r=g","contentUrl":"https:\/\/secure.gravatar.com\/avatar\/3c73ce5468f430e79c8356a62bf3cb23331d0bd512d3f278c18a7730d176aab9?s=96&d=mm&r=g","caption":"Irene"}}]}},"_links":{"self":[{"href":"https:\/\/www.pressensa.shop\/fr\/wp-json\/wp\/v2\/posts\/21205","targetHints":{"allow":["GET"]}}],"collection":[{"href":"https:\/\/www.pressensa.shop\/fr\/wp-json\/wp\/v2\/posts"}],"about":[{"href":"https:\/\/www.pressensa.shop\/fr\/wp-json\/wp\/v2\/types\/post"}],"author":[{"embeddable":true,"href":"https:\/\/www.pressensa.shop\/fr\/wp-json\/wp\/v2\/users\/1190"}],"replies":[{"embeddable":true,"href":"https:\/\/www.pressensa.shop\/fr\/wp-json\/wp\/v2\/comments?post=21205"}],"version-history":[{"count":0,"href":"https:\/\/www.pressensa.shop\/fr\/wp-json\/wp\/v2\/posts\/21205\/revisions"}],"wp:featuredmedia":[{"embeddable":true,"href":"https:\/\/www.pressensa.shop\/fr\/wp-json\/wp\/v2\/media\/21197"}],"wp:attachment":[{"href":"https:\/\/www.pressensa.shop\/fr\/wp-json\/wp\/v2\/media?parent=21205"}],"wp:term":[{"taxonomy":"category","embeddable":true,"href":"https:\/\/www.pressensa.shop\/fr\/wp-json\/wp\/v2\/categories?post=21205"},{"taxonomy":"post_tag","embeddable":true,"href":"https:\/\/www.pressensa.shop\/fr\/wp-json\/wp\/v2\/tags?post=21205"}],"curies":[{"name":"wp","href":"https:\/\/api.w.org\/{rel}","templated":true}]}}